{"id":1106,"date":"2021-11-08T10:09:09","date_gmt":"2021-11-08T06:09:09","guid":{"rendered":"https:\/\/ambbaku.esteri.it\/news\/dall_ambasciata\/2021\/11\/xxi-edizione-della-settimana-della\/"},"modified":"2021-11-08T10:09:09","modified_gmt":"2021-11-08T06:09:09","slug":"xxi-edizione-della-settimana-della","status":"publish","type":"post","link":"https:\/\/ambbaku.esteri.it\/it\/news\/dall_ambasciata\/2021\/11\/xxi-edizione-della-settimana-della\/","title":{"rendered":"XXI Edizione della Settimana della Lingua Italiana nel Mondo. Incontri fra Culture: \u201cDANTE e NIZAMI&#8221;"},"content":{"rendered":"<p style=\"text-align: justify;\">Nella ricorrenza del Settecentenario della morte del Sommo Poeta e dell\u2019 \u201cAnno di Nizami Ganjavi\u201d, grande poeta e pensatore azerbaigiano, nei giorni del 7, 8 e 9 ottobre 2021, ha avuto luogo il convegno &#8220;Incontri fra Culture: Nizami e Dante&#8221;, organizzato dal Nizami Ganjavi International Center in collaborazione con l&#8217;Associazione di Letteratura Comparata dell&#8217;Azerbaijan, l&#8217;ADI Associazione degli Italianisti -Gruppo Dante, con il patrocinio dell&#8217;Associazione per gli Studi di Teoria e Storia comparata (COMPALIT) e del Pen Club Italia.<\/p>\n<p style=\"text-align: justify;\">All\u2019evento hanno partecipato 50 studiosi provenienti da 13 paesi (Italia, Algeria, USA, Azerbaijan, Brasile, India, Egitto, Georgia, Turchia, Regno Unito, Russia, Paesi Bassi, Finlandia). Tra i cinque atenei promotori, l&#8217;Universit\u00e0 Suor Orsola Benincasa ha svolto la funzione di coordinamento del Comitato scientifico, composto dalle Universit\u00e0 di Napoli (Federico II), Siena (Statale), Roma (Tor Vergata), Vercelli (Piemonte Orientale).<\/p>\n<p style=\"text-align: justify;\">Il convegno mira a istituire un confronto tra Nizami Ganjavi (1141-1209) genio poetico dell&#8217;Oriente musulmano e Dante Alighieri (1265-1321) il maggiore poeta dell&#8217;Occidente cristiano. L&#8217;analisi si giova di strumenti critici differenti, incluso il metodo della semiotica letteraria che consente di comprendere il complesso di analogie e differenze storico-culturali, filosofico-teologiche e artistico-letterarie tra i due giganti del Medioevo. La conferenza comprende discussioni sull&#8217;allegorismo medievale, sul concetto di anima al misticismo e<br \/>al Sufismo, le diverse forme di auto-rappresentazione del poeta, l&#8217;immagine della donna; le innovazioni dello stile e della lingua; una sezione \u00e8 dedicata alla storia della ricezione e delle traduzioni di Dante e Nizami in et\u00e0 moderna e contemporanea. Concetto di amore nella letteratura medievale, nel folklore e nella vita reale, cos\u00ec come il ruolo del simbolo dell&#8217;amore nei testi religiosi e nella narrativa.<\/p>\n<p style=\"text-align: justify;\">Inizialmente prevista a Napoli presso il MANN (Museo Archeologico Nazionale di Napoli), la Conferenza si \u00e8 svolta online a causa della perdurante situazione pandemica, ed e\u2019 accessibile integralmente sul canale Youtube ai link qui sotto indicati. BUONA CONDIVISIONE!<\/p>\n<p style=\"text-align: justify;\">\u00a0<\/p>\n<p style=\"text-align: justify;\">Panel Session 1.:<\/p>\n<p><a href=\"https:\/\/www.youtube.com\/watch?v=BBaUI0iMa7I\">https:\/\/www.youtube.com\/watch?v=BBaUI0iMa7I<\/a><\/p>\n<p>Panel Session 2:<\/p>\n<p><a href=\"https:\/\/www.youtube.com\/watch?v=Xhqu8GFkPcw\">https:\/\/www.youtube.com\/watch?v=Xhqu8GFkPcw<\/a><\/p>\n<p>Panel Session 3:<\/p>\n<p><a href=\"https:\/\/www.youtube.com\/watch?v=9a2ypCBcLAI&#038;list=PLSP2XiMV-PT2jDaxLUeq9GBXUTc0VCU_1&#038;index=4\">https:\/\/www.youtube.com\/watch?v=9a2ypCBcLAI&#038;list=PLSP2XiMV-PT2jDaxLUeq9GBXUTc0VCU_1&#038;index=4<\/a><\/p>\n<p>Panel Session 4:<\/p>\n<p><a href=\"https:\/\/www.youtube.com\/watch?v=uHXXiDw8uS8&#038;list=PLSP2XiMV-PT2jDaxLUeq9GBXUTc0VCU_1&#038;index=5\">https:\/\/www.youtube.com\/watch?v=uHXXiDw8uS8&#038;list=PLSP2XiMV-PT2jDaxLUeq9GBXUTc0VCU_1&#038;index=5<\/a><\/p>\n<p>Panel Session 5:<\/p>\n<p><a href=\"https:\/\/www.youtube.com\/watch?v=9R4GVUFzcrA\">https:\/\/www.youtube.com\/watch?v=9R4GVUFzcrA<\/a><\/p>\n<p>Panel Session 6a:<\/p>\n<p><a href=\"https:\/\/www.youtube.com\/watch?v=CxvFnSJ-nN0&#038;t=2903s\">https:\/\/www.youtube.com\/watch?v=CxvFnSJ-nN0&#038;t=2903s<\/a><\/p>\n<p>Panel Session 6b:<\/p>\n<p><a href=\"https:\/\/www.youtube.com\/watch?v=3iSammhvPRM\">https:\/\/www.youtube.com\/watch?v=3iSammhvPRM<\/a><\/p>\n<p>Panel Session 7:<\/p>\n<p><a href=\"https:\/\/www.youtube.com\/watch?v=aOmPCwudeWA\">https:\/\/www.youtube.com\/watch?v=aOmPCwudeWA<\/a><\/p>\n<p>Panel Session 8:<\/p>\n<p><a href=\"https:\/\/www.youtube.com\/watch?v=zylFyNxaPCc\">https:\/\/www.youtube.com\/watch?v=zylFyNxaPCc<\/a><\/p>\n<p>Final Session of the Conference<\/p>\n<p><a href=\"https:\/\/www.youtube.com\/watch?v=Y9izbe8fIEU\">https:\/\/www.youtube.com\/watch?v=Y9izbe8fIEU<\/a><\/p>\n","protected":false},"excerpt":{"rendered":"Nella ricorrenza del Settecentenario della morte del Sommo Poeta e dell\u2019 \u201cAnno di Nizami Ganjavi\u201d, grande poeta e pensatore azerbaigiano, nei giorni del 7, 8 e 9 ottobre 2021, ha avuto luogo il convegno &#8220;Incontri fra Culture: Nizami e Dante&#8221;, organizzato dal Nizami Ganjavi International Center in collaborazione con l&#8217;Associazione di Letteratura Comparata dell&#8217;Azerbaijan, l&#8217;ADI [&hellip;]","protected":false},"author":1,"featured_media":0,"comment_status":"","ping_status":"","sticky":false,"template":"","format":"standard","meta":{"footnotes":""},"tags":[],"class_list":["post-1106","post","type-post","status-publish","format-standard","hentry"],"_links":{"self":[{"href":"https:\/\/ambbaku.esteri.it\/it\/wp-json\/wp\/v2\/posts\/1106","targetHints":{"allow":["GET"]}}],"collection":[{"href":"https:\/\/ambbaku.esteri.it\/it\/wp-json\/wp\/v2\/posts"}],"about":[{"href":"https:\/\/ambbaku.esteri.it\/it\/wp-json\/wp\/v2\/types\/post"}],"author":[{"embeddable":true,"href":"https:\/\/ambbaku.esteri.it\/it\/wp-json\/wp\/v2\/users\/1"}],"replies":[{"embeddable":true,"href":"https:\/\/ambbaku.esteri.it\/it\/wp-json\/wp\/v2\/comments?post=1106"}],"version-history":[{"count":0,"href":"https:\/\/ambbaku.esteri.it\/it\/wp-json\/wp\/v2\/posts\/1106\/revisions"}],"wp:attachment":[{"href":"https:\/\/ambbaku.esteri.it\/it\/wp-json\/wp\/v2\/media?parent=1106"}],"wp:term":[{"taxonomy":"post_tag","embeddable":true,"href":"https:\/\/ambbaku.esteri.it\/it\/wp-json\/wp\/v2\/tags?post=1106"}],"curies":[{"name":"wp","href":"https:\/\/api.w.org\/{rel}","templated":true}]}}