{"id":1149,"date":"2021-06-03T10:40:02","date_gmt":"2021-06-03T06:40:02","guid":{"rendered":"https:\/\/ambbaku.esteri.it\/news\/dall_ambasciata\/2021\/06\/videomessaggio-dell-ambasciatore\/"},"modified":"2021-06-03T10:40:02","modified_gmt":"2021-06-03T06:40:02","slug":"videomessaggio-dell-ambasciatore","status":"publish","type":"post","link":"https:\/\/ambbaku.esteri.it\/it\/news\/dall_ambasciata\/2021\/06\/videomessaggio-dell-ambasciatore\/","title":{"rendered":"Messaggio dell&#8217;Ambasciatore d&#8217;Italia in Azerbaigian Claudio Taffuri in occasione della Festa della Repubblica"},"content":{"rendered":"<p style=\"text-align: justify;\">Cari connazionali cari amici<\/p>\n<p style=\"text-align: justify;\">Il 2 giugno\u00a0\u00e8 tradizionalmente un momento di incontro per ricordare la nascita della Repubblica italiana e per celebrarne la storia, la cultura, le tradizioni e il suo popolo .<\/p>\n<p style=\"text-align: justify;\">Il mondo non \u00e8 tuttavia ancora uscito dal lungo inverno della pandemia e anche quest\u2019anno non sar\u00e0 purtroppo possibile onorare questa ricorrenza come di consueto ne\u2019 per me sar\u00e0 possibile incontrarvi, stringervi la mano e parlare con voi come avrei voluto.<\/p>\n<p style=\"text-align: justify;\">Questo, non solo per le circostanze attuali che impediscono aggregazioni sociali e ci obbligano a mantenere le giuste precauzioni, ma soprattutto per il doveroso rispetto che dobbiamo a coloro che in Italia sono stati vittime di questa terribile pandemia e dei tanti che anche qui in Azerbaigian ne sono stati coinvolti direttamente o nei loro affetti piu cari.<\/p>\n<p style=\"text-align: justify;\">Continuiamo tutti a vivere momenti di grande preoccupazione \u00e8 cio impone necessaria sobriet\u00e0 ma anche doveroso rispetto e profonda gratitudine nei confronti di tutti coloro che in questa lunga e difficile prova sia nel sistema sanitario, che nelle forze armate e di polizia o nella pubblica amministrazione hanno operato e continuano a servire la comunit\u00e0 con profondo senso di responsabilit\u00e0 e solidariet\u00e0 mettendo a rischio anche la propria incolumit\u00e0 personale, per arrestare la diffusione del contagio<\/p>\n<p style=\"text-align: justify;\">Abbiamo pagato un prezzo elevato che rimarr\u00e0 a lungo nella nostra memoria ma anche dimostrato di essere un popolo resiliente capace di impegno, sacrificio e in grado di superare ogni avversit\u00e0. Il nostro modo di vivere, lavorare, creare relazioni e\u2019 radicalmente mutato ma abbiamo oggi maturato l\u2019esperienza necessaria per far ripartire il paese e grazie all\u2019efficace campagna vaccinale ormai avviata scorgiamo finalmente l&#8217;inizio di una stagione nuova, che tuttavia pone sfide molto diverse dal passato.<\/p>\n<p style=\"text-align: justify;\">Siamo solo lo 0,83% dei cittadini del mondo ma possediamo genio, passione, cultura e non siamo certamente secondi a nessuno per intraprendenza, determinazione, creativit\u00e0. Possiamo dunque affrontare il futuro con ottimismo certi di poter costruire un Paese pi\u00f9 forte e sempre pi\u00f9 protagonista nel mondo.<\/p>\n<p style=\"text-align: justify;\">E&#8217; la mia prima occasione di celebrare la Festa della Repubblica in Azerbaigian e mi rammarico di non aver potuto accogliere tutti voi che vivete e lavorate in questo bellissimo Paese. Ciononostante, nel corso di questa mia breve permanenza\u00a0\u00e8 con grande orgoglio che ho potuto constatare la vitalit\u00e0 e il profondo impegno professionale della presenza italiana.<\/p>\n<p style=\"text-align: justify;\">L\u2019Italia nutre grande rispetto per l\u2019Azerbaijan che offre importanti opportunit\u00e0 e solide prospettive di sviluppo. Italia e Azerbaijan sono peraltro uniti da uno speciale legame consolidato in questi anni recenti dalle visite reciproche dei due Capi dello Stato e dalla sincera vicinanza ed amicizia tra i due popoli, che anche nel corso della pandemia hanno peraltro trovato generosa e tangibile dimostrazione, per la quale rinnovo il piu sincero ringraziamento a nome del Governo e del popolo italiano.<\/p>\n<p style=\"text-align: justify;\">Sono dunque convinto che con l\u2019impegno e la perseveranza di cui siamo capaci e lavorando assieme, per un comune obbiettivo, potremo raggiungere nuovi e piu importanti traguardi a mutuo beneficio dei nostri due popoli.<\/p>\n<p style=\"text-align: justify;\">Cari connazionali cari amici, avevo iniziato questo messaggio comunicandovi che non sar\u00e0 Possibile celebrare come di consueto la ricorrenza del 2 giugno, ci\u00f2 non ci impedisce tuttavia di sentirci virtualmente vicini per onorare la nostra repubblica evocando in ciascuno di noi il profondo senso di rispetto ed amore verso la Patria e condividendone i valori di unita e di coesione, certi di aver saputo dimostrare anche nelle situazioni piu difficili il nostro volto migliore.<\/p>\n<p>Grazie a tutti!<\/p>\n<p>Viva l\u2019Italia.<\/p>\n<p>\u00a0<\/p>\n<p><a href=\"https:\/\/fb.watch\/5SYLuv_HD4\/\">Videomessaggio di saluto dell&#8217;Ambasciatore d&#8217;Italia Claudio Taffuri <\/a><\/p>\n<p>\u00a0<\/p>\n","protected":false},"excerpt":{"rendered":"Cari connazionali cari amici Il 2 giugno\u00a0\u00e8 tradizionalmente un momento di incontro per ricordare la nascita della Repubblica italiana e per celebrarne la storia, la cultura, le tradizioni e il suo popolo . Il mondo non \u00e8 tuttavia ancora uscito dal lungo inverno della pandemia e anche quest\u2019anno non sar\u00e0 purtroppo possibile onorare questa ricorrenza [&hellip;]","protected":false},"author":1,"featured_media":0,"comment_status":"","ping_status":"","sticky":false,"template":"","format":"standard","meta":{"footnotes":""},"tags":[],"class_list":["post-1149","post","type-post","status-publish","format-standard","hentry"],"_links":{"self":[{"href":"https:\/\/ambbaku.esteri.it\/it\/wp-json\/wp\/v2\/posts\/1149","targetHints":{"allow":["GET"]}}],"collection":[{"href":"https:\/\/ambbaku.esteri.it\/it\/wp-json\/wp\/v2\/posts"}],"about":[{"href":"https:\/\/ambbaku.esteri.it\/it\/wp-json\/wp\/v2\/types\/post"}],"author":[{"embeddable":true,"href":"https:\/\/ambbaku.esteri.it\/it\/wp-json\/wp\/v2\/users\/1"}],"replies":[{"embeddable":true,"href":"https:\/\/ambbaku.esteri.it\/it\/wp-json\/wp\/v2\/comments?post=1149"}],"version-history":[{"count":0,"href":"https:\/\/ambbaku.esteri.it\/it\/wp-json\/wp\/v2\/posts\/1149\/revisions"}],"wp:attachment":[{"href":"https:\/\/ambbaku.esteri.it\/it\/wp-json\/wp\/v2\/media?parent=1149"}],"wp:term":[{"taxonomy":"post_tag","embeddable":true,"href":"https:\/\/ambbaku.esteri.it\/it\/wp-json\/wp\/v2\/tags?post=1149"}],"curies":[{"name":"wp","href":"https:\/\/api.w.org\/{rel}","templated":true}]}}