{"id":1387,"date":"2018-11-19T13:40:22","date_gmt":"2018-11-19T09:40:22","guid":{"rendered":"https:\/\/ambbaku.esteri.it\/news\/dall_ambasciata\/2018\/11\/intervento-pronunciato-dal-signor\/"},"modified":"2018-11-19T13:40:22","modified_gmt":"2018-11-19T09:40:22","slug":"intervento-pronunciato-dal-signor","status":"publish","type":"post","link":"https:\/\/ambbaku.esteri.it\/it\/news\/dall_ambasciata\/2018\/11\/intervento-pronunciato-dal-signor\/","title":{"rendered":"Intervento pronunciato dal Signor Presidente della Repubblica nel giorno dell&#8217;Unit\u00e0 nazionale e Giornata delle Forze Armate"},"content":{"rendered":"<p style=\"text-align: justify;\">Si comunica qui di seguito la traduzione in lingua inglese dell&#8217;intervento pronunciato dal Capo dello Stato Italiano, S.E. Sergio Mattarella, in occasione della cerimonia celebrativa del centenario della fine della Grande Guerra, nel giorno dell&#8217;Unit\u00e0 Nazionale e Giornata delle Forze armate, avutasi luogo a\u00a0Trieste il 4 novembre 2018.<\/p>\n<p style=\"text-align: justify;\">******<\/p>\n<p style=\"text-align: justify;\">\u0130taliya Respublikas\u0131n\u0131n Prezidenti, Z.A. Sergio Mattarellan\u0131n cari ilin noyabr ay\u0131n\u0131n 4-d\u0259 Trieste \u015f\u0259h\u0259rind\u0259 \u0130taliyan\u0131n birl\u0259\u015fdirilm\u0259si v\u0259 Silahl\u0131 Q\u00fcvv\u0259l\u0259r g\u00fcn\u00fcnd\u0259 t\u0259\u015fkil edilmi\u015f, Birinci d\u00fcnya M\u00fcharib\u0259sinin bitm\u0259sinin 100 illiyin\u0259 h\u0259sr edilmi\u015f t\u0259nt\u0259n\u0259li t\u0259dbird\u0259 s\u0259sl\u0259ndirdiyi \u00e7\u0131x\u0131\u015f\u0131n\u0131n ingilis dilin\u0259 t\u0259cr\u00fcm\u0259si a\u015fa\u011f\u0131da qeyd edilmi\u015f link vasit\u0259sil\u0259 diqq\u0259t\u0259 \u00e7atd\u0131r\u0131l\u0131r.<\/p>\n<p><a href=\"http:\/\/www.quirinale.it\/elementi\/18719\">Discorso pronunciato in lingua italiana<\/a>\u00a0&#8211; \u0130talyan dilind\u0259 s\u0259sl\u0259ndirilmi\u015f nitq<\/p>\n<p><a href=\"http:\/\/www.quirinale.it\/elementi\/18718\">Discorso pronunciato in lingua inglese <\/a>&#8211; \u0130ngilis dilind\u0259 t\u0259rc\u00fcm\u0259 edilmi\u015f nitq<\/p>\n<p><a href=\"http:\/\/www.quirinale.it\/elementi\/18721\">Video dell&#8217;intervento del Presidente Mattarella alla cerimonia del centenario della fine della Grande Guerra<\/a>&#8211; \u00c7\u0131x\u0131\u015f\u0131n video g\u00f6r\u00fcnt\u00fcs\u00fc<\/p>\n","protected":false},"excerpt":{"rendered":"Si comunica qui di seguito la traduzione in lingua inglese dell&#8217;intervento pronunciato dal Capo dello Stato Italiano, S.E. Sergio Mattarella, in occasione della cerimonia celebrativa del centenario della fine della Grande Guerra, nel giorno dell&#8217;Unit\u00e0 Nazionale e Giornata delle Forze armate, avutasi luogo a\u00a0Trieste il 4 novembre 2018. ****** \u0130taliya Respublikas\u0131n\u0131n Prezidenti, Z.A. Sergio Mattarellan\u0131n [&hellip;]","protected":false},"author":1,"featured_media":0,"comment_status":"","ping_status":"","sticky":false,"template":"","format":"standard","meta":{"footnotes":""},"tags":[],"class_list":["post-1387","post","type-post","status-publish","format-standard","hentry"],"_links":{"self":[{"href":"https:\/\/ambbaku.esteri.it\/it\/wp-json\/wp\/v2\/posts\/1387","targetHints":{"allow":["GET"]}}],"collection":[{"href":"https:\/\/ambbaku.esteri.it\/it\/wp-json\/wp\/v2\/posts"}],"about":[{"href":"https:\/\/ambbaku.esteri.it\/it\/wp-json\/wp\/v2\/types\/post"}],"author":[{"embeddable":true,"href":"https:\/\/ambbaku.esteri.it\/it\/wp-json\/wp\/v2\/users\/1"}],"replies":[{"embeddable":true,"href":"https:\/\/ambbaku.esteri.it\/it\/wp-json\/wp\/v2\/comments?post=1387"}],"version-history":[{"count":0,"href":"https:\/\/ambbaku.esteri.it\/it\/wp-json\/wp\/v2\/posts\/1387\/revisions"}],"wp:attachment":[{"href":"https:\/\/ambbaku.esteri.it\/it\/wp-json\/wp\/v2\/media?parent=1387"}],"wp:term":[{"taxonomy":"post_tag","embeddable":true,"href":"https:\/\/ambbaku.esteri.it\/it\/wp-json\/wp\/v2\/tags?post=1387"}],"curies":[{"name":"wp","href":"https:\/\/api.w.org\/{rel}","templated":true}]}}